{"id":6202,"date":"2023-03-02T10:09:43","date_gmt":"2023-03-02T08:09:43","guid":{"rendered":"https:\/\/www.fixit.gr\/?p=6202"},"modified":"2023-03-02T10:09:53","modified_gmt":"2023-03-02T08:09:53","slug":"psifiakos-metaschimatismos-mikromesaion-epicheiriseon-pliris-odigos","status":"publish","type":"post","link":"https:\/\/www.fixit.gr\/de\/psifiakos-metaschimatismos-mikromesaion-epicheiriseon-pliris-odigos","title":{"rendered":"Digitale Transformation kleiner und mittlerer Unternehmen: Ein vollst\u00e4ndiger Leitfaden."},"content":{"rendered":"<h3><b>Digitale Transformation kleiner und mittlerer Unternehmen: Ein vollst\u00e4ndiger Leitfaden.<\/b><\/h3>\n<p><span style=\"font-weight: 400;\">Der Start des neuen Nationalen Forschungsrahmenprogramms 2021\u20132027 ist durch die Durchf\u00fchrung dreier Programme zur digitalen Transformation kleiner und mittlerer Unternehmen (KMU) gekennzeichnet, die in der kommenden Zeit abgeschlossen werden. Die Gesamtma\u00dfnahme \u00abDigitale Transformation von KMU\u00bb verf\u00fcgt \u00fcber ein Budget von 300 Millionen Euro und ist Teil des neuen Programms \u00abWettbewerbsf\u00e4higkeit\u00bb.<\/span><\/p>\n<p><span style=\"font-weight: 400;\">Die F\u00f6rdersumme f\u00fcr teilnehmende Unternehmen beginnt bei 18.000 Euro und reicht bis zu 1,2 Millionen Euro. Der Zuschuss kann bis zu 501 TP3T betragen, in einigen Regionen sogar bis zu 601 TP3T. Die Antr\u00e4ge werden umgehend und in der Reihenfolge ihres Eingangs gepr\u00fcft, bis das Budget der jeweiligen Region ausgesch\u00f6pft ist.<\/span><\/p>\n<p><span style=\"font-weight: 400;\"><img loading=\"lazy\" decoding=\"async\" class=\"alignnone size-full wp-image-6204\" src=\"https:\/\/www.fixit.gr\/wp-content\/uploads\/e-screens-23.jpg\" alt=\"\" width=\"1000\" height=\"665\" srcset=\"https:\/\/www.fixit.gr\/wp-content\/uploads\/e-screens-23.jpg 1000w, https:\/\/www.fixit.gr\/wp-content\/uploads\/e-screens-23-760x505.jpg 760w, https:\/\/www.fixit.gr\/wp-content\/uploads\/e-screens-23-64x43.jpg 64w, https:\/\/www.fixit.gr\/wp-content\/uploads\/e-screens-23-300x200.jpg 300w, https:\/\/www.fixit.gr\/wp-content\/uploads\/e-screens-23-768x511.jpg 768w, https:\/\/www.fixit.gr\/wp-content\/uploads\/e-screens-23-18x12.jpg 18w\" sizes=\"auto, (max-width: 1000px) 100vw, 1000px\" \/>Das Programm besteht aus drei Ma\u00dfnahmen, die jeweils auf kleine und mittlere Unternehmen je nach deren digitaler und technologischer Reife ausgerichtet sind.<\/span><\/p>\n<p><span style=\"font-weight: 400;\">Die erste Ma\u00dfnahme des Programms richtet sich an kleine und mittlere Unternehmen mit einem niedrigen digitalen Reifegrad und zielt darauf ab, eine grundlegende digitale Infrastruktur und Anwendungen zu entwickeln, wie zum Beispiel die Erstellung einer Website, die Nutzung elektronischer Werkzeuge zur Verwaltung von Gesch\u00e4ftsprozessen und die Nutzung von Cloud-Diensten.<\/span><\/p>\n<p><span style=\"font-weight: 400;\">Die zweite Ma\u00dfnahme richtet sich an Unternehmen mit einem mittleren Grad an digitaler Reife und betrifft die Entwicklung innovativer digitaler L\u00f6sungen, wie beispielsweise die Anwendung von Technologien der k\u00fcnstlichen Intelligenz, die Entwicklung fortschrittlicher Software, die Nutzung von Big Data und die Anwendung von Technologien des Internets der Dinge.<\/span><\/p>\n<p><span style=\"font-weight: 400;\">Die dritte Ma\u00dfnahme richtet sich schlie\u00dflich an Unternehmen mit einem hohen Grad an digitaler Reife und hat zum Ziel, den digitalen Wandel durch die St\u00e4rkung der Dienstleistungen und die Produktion digitaler Inhalte sowie die Entwicklung innovativer Gesch\u00e4ftspl\u00e4ne zu f\u00f6rdern.<\/span><\/p>\n<h3><b>Was versteht man unter der digitalen Transformation kleiner und mittlerer Unternehmen?;<\/b><\/h3>\n<p><span style=\"font-weight: 400;\">Das Programm \u201cDigitale Transformation kleiner und mittlerer Unternehmen\u201d ist eine der Einzelma\u00dfnahmen des Nationalen Wiederaufbau- und Resilienzplans Griechenland 2.0. Es wird von der Europ\u00e4ischen Union finanziert und hat zum Ziel, durch gezielte F\u00f6rderma\u00dfnahmen zur digitalen Weiterentwicklung kleiner und mittlerer Unternehmen (KMU) in Griechenland beizutragen. Die teilnehmenden Unternehmen werden mithilfe verschiedener Ma\u00dfnahmen und Unterst\u00fctzungsangebote ihre Vertriebs-, Verwaltungs- und Produktionsfunktionen modernisieren. Daher kann jedes bestehende kleine und mittlere Unternehmen an dem Programm teilnehmen.<\/span><\/p>\n<h3><b>Zuerst handeln.<\/b><\/h3>\n<p><span style=\"font-weight: 400;\">Mittelst\u00e4ndische, kleine und Kleinstunternehmen, die Informations- und Kommunikationstechnologien (IKT) noch nicht in nennenswertem Umfang in ihre Betriebsabl\u00e4ufe integriert haben, k\u00f6nnen F\u00f6rdermittel beantragen. Die F\u00f6rdersumme betr\u00e4gt 18.000 bis 30.000 Euro. Die Investitionsdauer ist auf maximal neun Monate ab dem Datum der Bewilligung begrenzt. Die Ausgaben k\u00f6nnen folgende Hauptkategorien umfassen:<\/span><\/p>\n<ul>\n<li style=\"font-weight: 400;\" aria-level=\"1\"><span style=\"font-weight: 400;\">Ausr\u00fcstungskosten, die den Kauf digitaler Ger\u00e4te betreffen, die zur Verbesserung der Funktionalit\u00e4t und zur Modernisierung der Dienstleistungen des Unternehmens eingesetzt werden.<\/span><\/li>\n<li style=\"font-weight: 400;\" aria-level=\"1\"><span style=\"font-weight: 400;\">Softwarekosten, die den Kauf und die Installation von Software zur Verbesserung der Verwaltung und Aktualisierung der Dienstleistungen des Unternehmens betreffen.<\/span><\/li>\n<li style=\"font-weight: 400;\" aria-level=\"1\"><span style=\"font-weight: 400;\">Ausgaben f\u00fcr die Bereitstellung von Dienstleistungen im Zusammenhang mit der digitalen Modernisierung, wie zum Beispiel:<\/span>\n<ul>\n<li style=\"font-weight: 400;\" aria-level=\"2\"><span style=\"font-weight: 400;\">Dienstleistungen im Bereich Softwareentwicklung und -design.<\/span><\/li>\n<li style=\"font-weight: 400;\" aria-level=\"2\"><span style=\"font-weight: 400;\">Webseitengestaltung und -entwicklung.<\/span><\/li>\n<li style=\"font-weight: 400;\" aria-level=\"2\"><span style=\"font-weight: 400;\">Installations- und Wartungsdienstleistungen f\u00fcr Informationstechnologie- und Telekommunikationsnetze und -systeme.<\/span><\/li>\n<li style=\"font-weight: 400;\" aria-level=\"2\"><span style=\"font-weight: 400;\">Bereitstellung und Verwaltung von Cloud-Infrastruktur und -L\u00f6sungen.<\/span><\/li>\n<li style=\"font-weight: 400;\" aria-level=\"2\"><span style=\"font-weight: 400;\">Technischer Support und Anwendungswartungsdienste.<\/span><\/li>\n<li style=\"font-weight: 400;\" aria-level=\"2\"><span style=\"font-weight: 400;\">Dienstleistungen zur \u00dcberpr\u00fcfung und Aktualisierung der digitalen Pr\u00e4senz des Unternehmens auf verschiedenen Plattformen und sozialen Netzwerken.<\/span><\/li>\n<li style=\"font-weight: 400;\" aria-level=\"2\"><span style=\"font-weight: 400;\">Schulungs- und Weiterbildungsdienstleistungen f\u00fcr die Mitarbeiter des Unternehmens im Umgang mit neuen Technologien und Anwendungen.<\/span><\/li>\n<\/ul>\n<\/li>\n<\/ul>\n<p><span style=\"font-weight: 400;\">Verwandte Artikel: <\/span><a title=\"Magento gegen Shopify. Der gro\u00dfe Kampf im E-Commerce.\" href=\"https:\/\/www.fixit.gr\/de\/magento-vs-shopify-i-megali-ecommerce-machi\/\"><span style=\"font-weight: 400;\">Magento gegen Shopify. Der gro\u00dfe Kampf im E-Commerce.<\/span><\/a><\/p>\n<h3><b>Zweite Ma\u00dfnahme: Fortgeschrittene digitale Transformation von KMU.<\/b><\/h3>\n<p><span style=\"font-weight: 400;\">Kleine, mittlere und Kleinstunternehmen, die ihre Wettbewerbsf\u00e4higkeit auf internationalen M\u00e4rkten durch die Steigerung ihrer technologischen Reife verbessern wollen, k\u00f6nnen eine Finanzierung f\u00fcr integrierte Investitionen in neue Technologien beantragen, indem sie eines der folgenden Kriterien erf\u00fcllen: Gr\u00fcndung eines neuen Unternehmens, Erweiterung eines bestehenden Betriebs, Diversifizierung der Produktion in neue Produkte oder Dienstleistungen oder grundlegende \u00c4nderung des Produktionsprozesses eines bestehenden Betriebs.<\/span><\/p>\n<p><span style=\"font-weight: 400;\">Das Budget der ausgew\u00e4hlten Investitionsprojekte liegt zwischen 50.000 und 650.000 Euro, wobei die l\u00e4ngste Investitionsabwicklungsdauer 15 Monate ab dem Datum der Ausstellung des Aufnahmebeschlusses betr\u00e4gt.<\/span><\/p>\n<p><span style=\"font-weight: 400;\">Die ausgew\u00e4hlten Ausgaben umfassen:<\/span><\/p>\n<ul>\n<li style=\"font-weight: 400;\" aria-level=\"1\"><span style=\"font-weight: 400;\">Die Bereitstellung moderner Ausr\u00fcstung f\u00fcr den Anlagenbetrieb und das Personal, einschlie\u00dflich robotergest\u00fctzter Produktionsautomatisierungssysteme und der Modernisierung interner Daten\u00fcbertragungsnetzwerke, bietet dem Unternehmen mehr Effizienz und verbesserte Leistung.<\/span><\/li>\n<li style=\"font-weight: 400;\" aria-level=\"1\"><span style=\"font-weight: 400;\">Die Beschaffung moderner Softwareanwendungen, wie z. B. Ressourcen- und Prozessmanagementanwendungen, Kunden- und Lieferkettenmanagementanwendungen sowie Werkzeuge der k\u00fcnstlichen Intelligenz, kann Arbeitsprozesse deutlich verbessern und die Unternehmensleistung steigern.<\/span><\/li>\n<li style=\"font-weight: 400;\" aria-level=\"1\"><span style=\"font-weight: 400;\">Dienstleistungen im Zusammenhang mit der digitalen Modernisierung k\u00f6nnen dem Unternehmen helfen, einen Wettbewerbsvorteil zu erzielen, wie z. B. Datensicherheitsdienste, Wartungs- und Supportleistungen f\u00fcr Ger\u00e4te und Software sowie Schulungsdienstleistungen.<\/span><\/li>\n<\/ul>\n<h3><b>Dritte Ma\u00dfnahme: Innovative digitale Transformation von KMU.<\/b><\/h3>\n<p><span style=\"font-weight: 400;\">Ziel des F\u00f6rderantrags ist die Umsetzung integrierter Investitionen in Spitzentechnologien oder L\u00f6sungen der vierten industriellen Revolution durch kleine und mittlere Unternehmen sowie Kleinstunternehmen, die bereits Informations- und Kommunikationstechnologien (IKT) in viele ihrer Gesch\u00e4ftsprozesse integriert haben. Das f\u00f6rderf\u00e4hige Gesamtbudget liegt zwischen 200.001 und 1.200.000 Euro, und die Investitionsdauer betr\u00e4gt maximal 18 Monate ab dem Datum der F\u00f6rderentscheidung.<\/span><\/p>\n<p><span style=\"font-weight: 400;\">Die Kriterien f\u00fcr Investitionsprojekte m\u00fcssen hinsichtlich der Anfangsinvestition erf\u00fcllt sein. Insbesondere muss mindestens eines der folgenden Kriterien erf\u00fcllt sein:<\/span><\/p>\n<ul>\n<li style=\"font-weight: 400;\" aria-level=\"1\"><span style=\"font-weight: 400;\">Gr\u00fcndung eines neuen Gesch\u00e4ftsbetriebs.<\/span><\/li>\n<li style=\"font-weight: 400;\" aria-level=\"1\"><span style=\"font-weight: 400;\">Erweiterung der Kapazit\u00e4t einer bestehenden Anlage.<\/span><\/li>\n<li style=\"font-weight: 400;\" aria-level=\"1\"><span style=\"font-weight: 400;\">Diversifizierung der Produktion eines Unternehmens hin zu Produkten oder Dienstleistungen, die dort zuvor noch nie hergestellt wurden.<\/span><\/li>\n<li style=\"font-weight: 400;\" aria-level=\"1\"><span style=\"font-weight: 400;\">Grundlegende Umgestaltung des gesamten Produktionsprozesses einer bestehenden Anlage.<\/span><\/li>\n<\/ul>\n<p><span style=\"font-weight: 400;\">Das f\u00fcr Investitionsprojekte zur Verf\u00fcgung stehende Gesamtbudget liegt zwischen 200.001 und 1.200.000 Euro. Die Dauer der Investitionsabwicklung darf 18 Monate ab dem Datum der Erteilung des Einschlussbeschlusses nicht \u00fcberschreiten.<\/span><\/p>\n<p>&nbsp;<\/p>\n<p><span style=\"font-weight: 400;\"><img loading=\"lazy\" decoding=\"async\" class=\"alignnone size-full wp-image-6203\" src=\"https:\/\/www.fixit.gr\/wp-content\/uploads\/ec68d9f0-1968-c816-a436-a846c5af707a1.jpg\" alt=\"\" width=\"798\" height=\"513\" srcset=\"https:\/\/www.fixit.gr\/wp-content\/uploads\/ec68d9f0-1968-c816-a436-a846c5af707a1.jpg 798w, https:\/\/www.fixit.gr\/wp-content\/uploads\/ec68d9f0-1968-c816-a436-a846c5af707a1-760x489.jpg 760w, https:\/\/www.fixit.gr\/wp-content\/uploads\/ec68d9f0-1968-c816-a436-a846c5af707a1-64x41.jpg 64w, https:\/\/www.fixit.gr\/wp-content\/uploads\/ec68d9f0-1968-c816-a436-a846c5af707a1-300x193.jpg 300w, https:\/\/www.fixit.gr\/wp-content\/uploads\/ec68d9f0-1968-c816-a436-a846c5af707a1-768x494.jpg 768w, https:\/\/www.fixit.gr\/wp-content\/uploads\/ec68d9f0-1968-c816-a436-a846c5af707a1-18x12.jpg 18w\" sizes=\"auto, (max-width: 798px) 100vw, 798px\" \/>Die gedeckten Ausgaben umfassen grundlegende Kategorien wie den Kauf von Ausr\u00fcstung f\u00fcr die Bereitstellung digital gesteuerter elektromechanischer Anlagen, fortschrittliche Fernsteuerungssysteme f\u00fcr Produktionsanlagen und die Automatisierung der Wertsch\u00f6pfungskette mit Robotersystemen. Dar\u00fcber hinaus sind Anwendungen und Software f\u00fcr eine intelligentere Verwaltung und Finanzplanung, digitale Sicherheit, Kundenmanagement und Lieferkettenoptimierung, Datenanalyse mit k\u00fcnstlicher Intelligenz usw. enthalten. Schlie\u00dflich sind auch Dienstleistungen im Bereich der digitalen Modernisierung abgedeckt, darunter Beratung und technischer Support f\u00fcr die Konfiguration und Integration neuer Systeme in den Betrieb von KMU sowie Systemzertifizierung und weitere Services.<\/span><\/p>\n<p><span style=\"font-weight: 400;\">Verwandte Artikel: <\/span><a title=\"Auswahl eines Magento-Entwicklers\" href=\"https:\/\/www.fixit.gr\/de\/epilogi-programmatisti-magento\/\"><span style=\"font-weight: 400;\">Auswahl eines Magento-Entwicklers<\/span><\/a><\/p>\n<h3><b>Wie l\u00e4uft das Antragsverfahren f\u00fcr F\u00f6rdermittel im Rahmen des Programms zur digitalen Transformation von KMU ab?;<\/b><\/h3>\n<p><span style=\"font-weight: 400;\">Die Beg\u00fcnstigten des Programms m\u00fcssen ein einfaches Verfahren befolgen, um den Antrag einzureichen.<\/span><\/p>\n<p><span style=\"font-weight: 400;\">Zun\u00e4chst muss der Antrag von einem Unternehmensvertreter eingereicht werden, der rechtm\u00e4\u00dfig \u00fcber die Zugangsdaten (Benutzername und Passwort) des Unternehmens f\u00fcr die Steuerdienste der AADE (Informationssystem Taxinet) verf\u00fcgt und die Identit\u00e4t des Unternehmens best\u00e4tigen muss. Anschlie\u00dfend kann der Prozess gestartet werden.<\/span><\/p>\n<ul>\n<li style=\"font-weight: 400;\" aria-level=\"1\"><span style=\"font-weight: 400;\">Der Benutzer begibt sich in die sichere Umgebung des Generalsekretariats f\u00fcr Informationssysteme des \u00f6ffentlichen Sektors (GSIS), um die Unternehmensanmeldeinformationen im Benutzerauthentifizierungsdienst zu registrieren.<\/span><\/li>\n<li style=\"font-weight: 400;\" aria-level=\"1\"><span style=\"font-weight: 400;\">Sobald die \u00dcberpr\u00fcfung der Anmeldeinformationen erfolgreich war, meldet sich der Benutzer zum ersten Mal im System an und der Prozess der Erstellung des F\u00f6rderantrags beginnt.<\/span><\/li>\n<li style=\"font-weight: 400;\" aria-level=\"1\"><span style=\"font-weight: 400;\">Bevor der Antrag ausgef\u00fcllt und eingereicht wird, wird der Nutzer schlie\u00dflich gebeten, eine pers\u00f6nliche Mobiltelefonnummer anzugeben und zu best\u00e4tigen, \u00fcber die im Falle der Genehmigung des F\u00f6rderantrags auch die Kommunikation und der Versand von Gutscheinen erfolgen wird.<\/span><\/li>\n<\/ul>\n<p><b>Erw\u00e4hnenswert ist, dass die Antr\u00e4ge f\u00fcr die Gutscheine bereits abgeschlossen sind und diese nur noch bis zum 31. M\u00e4rz 2023 eingel\u00f6st werden k\u00f6nnen. Der detaillierte Antragsablauf:<\/b><\/p>\n<p><span style=\"font-weight: 400;\">Kategorie 1: (1-5 und 6-10 Mitarbeiter)<\/span><\/p>\n<ul>\n<li style=\"font-weight: 400;\" aria-level=\"1\"><span style=\"font-weight: 400;\">Frist f\u00fcr die Einreichung von F\u00f6rderantr\u00e4gen: Mittwoch, 31. Oktober 2022<\/span><\/li>\n<li style=\"font-weight: 400;\" aria-level=\"1\"><span style=\"font-weight: 400;\">Einl\u00f6sefrist f\u00fcr Gutscheine und Eink\u00e4ufe: Mittwoch, 30. November 2022<\/span><\/li>\n<li style=\"font-weight: 400;\" aria-level=\"1\"><span style=\"font-weight: 400;\">Ende der \u00dcbergangsfrist: Freitag, 30. Dezember 2022<\/span><\/li>\n<li style=\"font-weight: 400;\" aria-level=\"1\"><span style=\"font-weight: 400;\">Abschluss des Programms und aller Zahlungen: Dienstag, 31. Januar 2023<\/span><\/li>\n<\/ul>\n<p><span style=\"font-weight: 400;\">Kategorie 2: (11 bis 250 Mitarbeiter)<\/span><\/p>\n<ul>\n<li style=\"font-weight: 400;\" aria-level=\"1\"><span style=\"font-weight: 400;\">Frist f\u00fcr die Einreichung von F\u00f6rderantr\u00e4gen: Mittwoch, 31. Oktober 2022<\/span><\/li>\n<li style=\"font-weight: 400;\" aria-level=\"1\"><span style=\"font-weight: 400;\">Einl\u00f6sefrist f\u00fcr Gutscheine und Eink\u00e4ufe: Mittwoch, 31. M\u00e4rz 2023<\/span><\/li>\n<li style=\"font-weight: 400;\" aria-level=\"1\"><span style=\"font-weight: 400;\">Ende der \u00dcbergangsfrist: Freitag, 28. April 2023<\/span><\/li>\n<li style=\"font-weight: 400;\" aria-level=\"1\"><span style=\"font-weight: 400;\">Abschluss des Programms und aller Zahlungen: Mittwoch, 31. Mai 2023<\/span><\/li>\n<\/ul>\n<p><b>Um den Gutschein einzul\u00f6sen und digitale Medien f\u00fcr die Weiterentwicklung und das Wachstum des Unternehmens zu entwickeln, kann man sich an das Team wenden. <\/b><a title=\"Fixit.gr\" href=\"https:\/\/www.fixit.gr\/de\/\"><b>Fixit.gr<\/b><\/a><b>. Die Schaffung eines professionellen und erfolgreichen Online-Shops ist im heutigen wettbewerbsintensiven Gesch\u00e4ftsumfeld von entscheidender Bedeutung.<\/b><\/p>\n<h3><b>Epilog<\/b><span style=\"font-weight: 400;\">.<\/span><\/h3>\n<p><span style=\"font-weight: 400;\">Im Zeitalter der digitalen Revolution stehen kleine und mittlere Unternehmen vor gro\u00dfen Herausforderungen und Chancen bei ihrer digitalen Transformation. Die Kosten f\u00fcr die Entwicklung und Modernisierung ihrer Infrastruktur sowie die Schulung ihrer Mitarbeiter sind jedoch erheblich und k\u00f6nnen durch die NSRF-F\u00f6rderung f\u00fcr digitale Transformation teilweise kompensiert werden.<\/span><\/p>\n<p><span style=\"font-weight: 400;\">Die NSRF-F\u00f6rderung 2021\u20132027 bietet kleinen und mittleren Unternehmen die M\u00f6glichkeit, Innovationen voranzutreiben und ihre Wettbewerbsf\u00e4higkeit im digitalen Zeitalter zu st\u00e4rken. Mit dieser F\u00f6rderung k\u00f6nnen Unternehmen in die Anschaffung neuer Technologien, die Entwicklung neuer Produkte und Dienstleistungen sowie in die Weiterbildung ihrer Mitarbeiter investieren, um den neuen Marktanforderungen gerecht zu werden.<\/span><\/p>","protected":false},"excerpt":{"rendered":"<p>\u03a8\u03b7\u03c6\u03b9\u03b1\u03ba\u03cc\u03c2 \u039c\u03b5\u03c4\u03b1\u03c3\u03c7\u03b7\u03bc\u03b1\u03c4\u03b9\u03c3\u03bc\u03cc\u03c2 \u039c\u03b9\u03ba\u03c1\u03bf\u03bc\u03b5\u03c3\u03b1\u03af\u03c9\u03bd \u0395\u03c0\u03b9\u03c7\u03b5\u03b9\u03c1\u03ae\u03c3\u03b5\u03c9\u03bd: \u03a0\u03bb\u03ae\u03c1\u03b7\u03c2 \u03bf\u03b4\u03b7\u03b3\u03cc\u03c2. \u0397 \u03ad\u03bd\u03b1\u03c1\u03be\u03b7 \u03c4\u03bf\u03c5 \u03bd\u03ad\u03bf\u03c5 \u0395\u03a3\u03a0\u0391 2021-2027 \u03c3\u03b7\u03bc\u03b1\u03c4\u03bf\u03b4\u03bf\u03c4\u03b5\u03af\u03c4\u03b1\u03b9 \u03b1\u03c0\u03cc \u03c4\u03b7\u03bd \u03b5\u03ba\u03c4\u03ad\u03bb\u03b5\u03c3\u03b7 \u03c4\u03c1\u03b9\u03ce\u03bd \u03c0\u03c1\u03bf\u03b3\u03c1\u03b1\u03bc\u03bc\u03ac\u03c4\u03c9\u03bd \u03c0\u03bf\u03c5 \u03b1\u03c6\u03bf\u03c1\u03bf\u03cd\u03bd \u03c4\u03bf\u03bd \u03c8\u03b7\u03c6\u03b9\u03b1\u03ba\u03cc \u03bc\u03b5\u03c4\u03b1\u03c3\u03c7\u03b7\u03bc\u03b1\u03c4\u03b9\u03c3\u03bc\u03cc \u03bc\u03b9\u03ba\u03c1\u03bf\u03bc\u03b5\u03c3\u03b1\u03af\u03c9\u03bd \u03b5\u03c0\u03b9\u03c7\u03b5\u03b9\u03c1\u03ae\u03c3\u03b5\u03c9\u03bd \u03ba\u03b1\u03b9 \u03b8\u03b1 \u03bf\u03bb\u03bf\u03ba\u03bb\u03b7\u03c1\u03c9\u03b8\u03bf\u03cd\u03bd \u03c4\u03bf \u03b5\u03c0\u03cc\u03bc\u03b5\u03bd\u03bf \u03b4\u03b9\u03ac\u03c3\u03c4\u03b7\u03bc\u03b1. \u0397 \u03c3\u03c5\u03bd\u03bf\u03bb\u03b9\u03ba\u03ae \u03b4\u03c1\u03ac\u03c3\u03b7 \u00ab\u03a8\u03b7\u03c6\u03b9\u03b1\u03ba\u03cc\u03c2 \u039c\u03b5\u03c4\u03b1\u03c3\u03c7\u03b7\u03bc\u03b1\u03c4\u03b9\u03c3\u03bc\u03cc\u03c2 \u039c\u03b9\u03ba\u03c1\u03bf\u03bc\u03b5\u03c3\u03b1\u03af\u03c9\u03bd \u0395\u03c0\u03b9\u03c7\u03b5\u03b9\u03c1\u03ae\u03c3\u03b5\u03c9\u03bd\u00bb \u03ad\u03c7\u03b5\u03b9 \u03c0\u03c1\u03bf\u03cb\u03c0\u03bf\u03bb\u03bf\u03b3\u03b9\u03c3\u03bc\u03cc 300 \u03b5\u03ba\u03b1\u03c4. \u03b5\u03c5\u03c1\u03ce \u03ba\u03b1\u03b9 \u03b5\u03bd\u03c4\u03ac\u03c3\u03c3\u03b5\u03c4\u03b1\u03b9 \u03c3\u03c4\u03bf \u03bd\u03ad\u03bf \u03a0\u03c1\u03cc\u03b3\u03c1\u03b1\u03bc\u03bc\u03b1 \u00ab\u0391\u03bd\u03c4\u03b1\u03b3\u03c9\u03bd\u03b9\u03c3\u03c4\u03b9\u03ba\u03cc\u03c4\u03b7\u03c4\u03b1\u00bb. \u0397 \u03b1\u03af\u03c4\u03b7\u03c3\u03b7 \u03c7\u03c1\u03b7\u03bc\u03b1\u03c4\u03bf\u03b4\u03cc\u03c4\u03b7\u03c3\u03b7\u03c2 \u03b3\u03b9\u03b1 \u03b5\u03bd\u03c4\u03b1\u03c7\u03b8\u03b5\u03af\u03c3\u03b5\u03c2 \u03b5\u03c0\u03b9\u03c7\u03b5\u03b9\u03c1\u03ae\u03c3\u03b5\u03b9\u03c2&#8230;<\/p>","protected":false},"author":1,"featured_media":6203,"comment_status":"closed","ping_status":"closed","sticky":false,"template":"","format":"standard","meta":{"_acf_changed":false,"inline_featured_image":false,"footnotes":""},"categories":[41,40],"tags":[220,57],"class_list":["post-6202","post","type-post","status-publish","format-standard","has-post-thumbnail","hentry","category-blog","category-magento","tag-ecommerce","tag-magento"],"acf":[],"yoast_head":"<!-- This site is optimized with the Yoast SEO plugin v27.4 - https:\/\/yoast.com\/product\/yoast-seo-wordpress\/ -->\n<title>\u03a8\u03b7\u03c6\u03b9\u03b1\u03ba\u03cc\u03c2 \u039c\u03b5\u03c4\u03b1\u03c3\u03c7\u03b7\u03bc\u03b1\u03c4\u03b9\u03c3\u03bc\u03cc\u03c2 \u039c\u03b9\u03ba\u03c1\u03bf\u03bc\u03b5\u03c3\u03b1\u03af\u03c9\u03bd \u0395\u03c0\u03b9\u03c7\u03b5\u03b9\u03c1\u03ae\u03c3\u03b5\u03c9\u03bd: \u03a0\u03bb\u03ae\u03c1\u03b7\u03c2 \u03bf\u03b4\u03b7\u03b3\u03cc\u03c2. - Fixit<\/title>\n<meta name=\"description\" content=\"\u0397 \u03ad\u03bd\u03b1\u03c1\u03be\u03b7 \u03c4\u03bf\u03c5 \u03bd\u03ad\u03bf\u03c5 \u0395\u03a3\u03a0\u0391 2021-2027 \u03c3\u03b7\u03bc\u03b1\u03c4\u03bf\u03b4\u03bf\u03c4\u03b5\u03af\u03c4\u03b1\u03b9 \u03b1\u03c0\u03cc \u03c4\u03b7\u03bd \u03b5\u03ba\u03c4\u03ad\u03bb\u03b5\u03c3\u03b7 \u03c4\u03c1\u03b9\u03ce\u03bd \u03c0\u03c1\u03bf\u03b3\u03c1\u03b1\u03bc\u03bc\u03ac\u03c4\u03c9\u03bd \u03c0\u03bf\u03c5 \u03b1\u03c6\u03bf\u03c1\u03bf\u03cd\u03bd \u03c4\u03bf\u03bd \u03c8\u03b7\u03c6\u03b9\u03b1\u03ba\u03cc \u03bc\u03b5\u03c4\u03b1\u03c3\u03c7\u03b7\u03bc\u03b1\u03c4\u03b9\u03c3\u03bc\u03cc \u03bc\u03b9\u03ba\u03c1\u03bf\u03bc\u03b5\u03c3\u03b1\u03af\u03c9\u03bd \u03b5\u03c0\u03b9\u03c7\u03b5\u03b9\u03c1\u03ae\u03c3\u03b5\u03c9\u03bd \u03ba\u03b1\u03b9 \u03b8\u03b1 \u03bf\u03bb\u03bf\u03ba\u03bb\u03b7\u03c1\u03c9\u03b8\u03bf\u03cd\u03bd \u03c4\u03bf \u03b5\u03c0\u03cc\u03bc\u03b5\u03bd\u03bf \u03b4\u03b9\u03ac\u03c3\u03c4\u03b7\u03bc\u03b1.\" \/>\n<meta name=\"robots\" content=\"index, follow, max-snippet:-1, max-image-preview:large, max-video-preview:-1\" \/>\n<link rel=\"canonical\" href=\"https:\/\/www.fixit.gr\/de\/psifiakos-metaschimatismos-mikromesaion-epicheiriseon-pliris-odigos\/\" \/>\n<meta property=\"og:locale\" content=\"de_DE\" \/>\n<meta property=\"og:type\" content=\"article\" \/>\n<meta property=\"og:title\" content=\"\u03a8\u03b7\u03c6\u03b9\u03b1\u03ba\u03cc\u03c2 \u039c\u03b5\u03c4\u03b1\u03c3\u03c7\u03b7\u03bc\u03b1\u03c4\u03b9\u03c3\u03bc\u03cc\u03c2 \u039c\u03b9\u03ba\u03c1\u03bf\u03bc\u03b5\u03c3\u03b1\u03af\u03c9\u03bd \u0395\u03c0\u03b9\u03c7\u03b5\u03b9\u03c1\u03ae\u03c3\u03b5\u03c9\u03bd: \u03a0\u03bb\u03ae\u03c1\u03b7\u03c2 \u03bf\u03b4\u03b7\u03b3\u03cc\u03c2. - Fixit\" \/>\n<meta property=\"og:description\" content=\"\u0397 \u03ad\u03bd\u03b1\u03c1\u03be\u03b7 \u03c4\u03bf\u03c5 \u03bd\u03ad\u03bf\u03c5 \u0395\u03a3\u03a0\u0391 2021-2027 \u03c3\u03b7\u03bc\u03b1\u03c4\u03bf\u03b4\u03bf\u03c4\u03b5\u03af\u03c4\u03b1\u03b9 \u03b1\u03c0\u03cc \u03c4\u03b7\u03bd \u03b5\u03ba\u03c4\u03ad\u03bb\u03b5\u03c3\u03b7 \u03c4\u03c1\u03b9\u03ce\u03bd \u03c0\u03c1\u03bf\u03b3\u03c1\u03b1\u03bc\u03bc\u03ac\u03c4\u03c9\u03bd \u03c0\u03bf\u03c5 \u03b1\u03c6\u03bf\u03c1\u03bf\u03cd\u03bd \u03c4\u03bf\u03bd \u03c8\u03b7\u03c6\u03b9\u03b1\u03ba\u03cc \u03bc\u03b5\u03c4\u03b1\u03c3\u03c7\u03b7\u03bc\u03b1\u03c4\u03b9\u03c3\u03bc\u03cc \u03bc\u03b9\u03ba\u03c1\u03bf\u03bc\u03b5\u03c3\u03b1\u03af\u03c9\u03bd \u03b5\u03c0\u03b9\u03c7\u03b5\u03b9\u03c1\u03ae\u03c3\u03b5\u03c9\u03bd \u03ba\u03b1\u03b9 \u03b8\u03b1 \u03bf\u03bb\u03bf\u03ba\u03bb\u03b7\u03c1\u03c9\u03b8\u03bf\u03cd\u03bd \u03c4\u03bf \u03b5\u03c0\u03cc\u03bc\u03b5\u03bd\u03bf \u03b4\u03b9\u03ac\u03c3\u03c4\u03b7\u03bc\u03b1.\" \/>\n<meta property=\"og:url\" content=\"https:\/\/www.fixit.gr\/de\/psifiakos-metaschimatismos-mikromesaion-epicheiriseon-pliris-odigos\/\" \/>\n<meta property=\"og:site_name\" content=\"Fixit\" \/>\n<meta property=\"article:publisher\" content=\"https:\/\/www.facebook.com\/Fixit.el\/\" \/>\n<meta property=\"article:published_time\" content=\"2023-03-02T08:09:43+00:00\" \/>\n<meta property=\"article:modified_time\" content=\"2023-03-02T08:09:53+00:00\" \/>\n<meta property=\"og:image\" content=\"https:\/\/www.fixit.gr\/wp-content\/uploads\/ec68d9f0-1968-c816-a436-a846c5af707a1.jpg\" \/>\n\t<meta property=\"og:image:width\" content=\"798\" \/>\n\t<meta property=\"og:image:height\" content=\"513\" \/>\n\t<meta property=\"og:image:type\" content=\"image\/jpeg\" \/>\n<meta name=\"author\" content=\"\u0393\u03b9\u03ce\u03c1\u03b3\u03bf\u03c2 \u039c\u03b7\u03c4\u03c3\u03bf\u03cd\u03b4\u03b7\u03c2\" \/>\n<meta name=\"twitter:card\" content=\"summary_large_image\" \/>\n<meta name=\"twitter:label1\" content=\"Verfasst von\" \/>\n\t<meta name=\"twitter:data1\" content=\"\u0393\u03b9\u03ce\u03c1\u03b3\u03bf\u03c2 \u039c\u03b7\u03c4\u03c3\u03bf\u03cd\u03b4\u03b7\u03c2\" \/>\n\t<meta name=\"twitter:label2\" content=\"Gesch\u00e4tzte Lesezeit\" \/>\n\t<meta name=\"twitter:data2\" content=\"9\u00a0Minuten\" \/>\n<script type=\"application\/ld+json\" class=\"yoast-schema-graph\">{\"@context\":\"https:\\\/\\\/schema.org\",\"@graph\":[{\"@type\":\"Article\",\"@id\":\"https:\\\/\\\/www.fixit.gr\\\/psifiakos-metaschimatismos-mikromesaion-epicheiriseon-pliris-odigos#article\",\"isPartOf\":{\"@id\":\"https:\\\/\\\/www.fixit.gr\\\/psifiakos-metaschimatismos-mikromesaion-epicheiriseon-pliris-odigos\"},\"author\":{\"name\":\"\u0393\u03b9\u03ce\u03c1\u03b3\u03bf\u03c2 \u039c\u03b7\u03c4\u03c3\u03bf\u03cd\u03b4\u03b7\u03c2\",\"@id\":\"https:\\\/\\\/www.fixit.gr\\\/de\\\/#\\\/schema\\\/person\\\/b86bf7ba1762bbca10dbb56b978dc996\"},\"headline\":\"\u03a8\u03b7\u03c6\u03b9\u03b1\u03ba\u03cc\u03c2 \u039c\u03b5\u03c4\u03b1\u03c3\u03c7\u03b7\u03bc\u03b1\u03c4\u03b9\u03c3\u03bc\u03cc\u03c2 \u039c\u03b9\u03ba\u03c1\u03bf\u03bc\u03b5\u03c3\u03b1\u03af\u03c9\u03bd \u0395\u03c0\u03b9\u03c7\u03b5\u03b9\u03c1\u03ae\u03c3\u03b5\u03c9\u03bd: \u03a0\u03bb\u03ae\u03c1\u03b7\u03c2 \u03bf\u03b4\u03b7\u03b3\u03cc\u03c2.\",\"datePublished\":\"2023-03-02T08:09:43+00:00\",\"dateModified\":\"2023-03-02T08:09:53+00:00\",\"mainEntityOfPage\":{\"@id\":\"https:\\\/\\\/www.fixit.gr\\\/psifiakos-metaschimatismos-mikromesaion-epicheiriseon-pliris-odigos\"},\"wordCount\":29,\"publisher\":{\"@id\":\"https:\\\/\\\/www.fixit.gr\\\/de\\\/#organization\"},\"image\":{\"@id\":\"https:\\\/\\\/www.fixit.gr\\\/psifiakos-metaschimatismos-mikromesaion-epicheiriseon-pliris-odigos#primaryimage\"},\"thumbnailUrl\":\"https:\\\/\\\/www.fixit.gr\\\/wp-content\\\/uploads\\\/ec68d9f0-1968-c816-a436-a846c5af707a1.jpg\",\"keywords\":[\"ecommerce\",\"magento\"],\"articleSection\":[\"Blog\",\"Magento\"],\"inLanguage\":\"de\"},{\"@type\":\"WebPage\",\"@id\":\"https:\\\/\\\/www.fixit.gr\\\/psifiakos-metaschimatismos-mikromesaion-epicheiriseon-pliris-odigos\",\"url\":\"https:\\\/\\\/www.fixit.gr\\\/psifiakos-metaschimatismos-mikromesaion-epicheiriseon-pliris-odigos\",\"name\":\"\u03a8\u03b7\u03c6\u03b9\u03b1\u03ba\u03cc\u03c2 \u039c\u03b5\u03c4\u03b1\u03c3\u03c7\u03b7\u03bc\u03b1\u03c4\u03b9\u03c3\u03bc\u03cc\u03c2 \u039c\u03b9\u03ba\u03c1\u03bf\u03bc\u03b5\u03c3\u03b1\u03af\u03c9\u03bd \u0395\u03c0\u03b9\u03c7\u03b5\u03b9\u03c1\u03ae\u03c3\u03b5\u03c9\u03bd: \u03a0\u03bb\u03ae\u03c1\u03b7\u03c2 \u03bf\u03b4\u03b7\u03b3\u03cc\u03c2. - Fixit\",\"isPartOf\":{\"@id\":\"https:\\\/\\\/www.fixit.gr\\\/de\\\/#website\"},\"primaryImageOfPage\":{\"@id\":\"https:\\\/\\\/www.fixit.gr\\\/psifiakos-metaschimatismos-mikromesaion-epicheiriseon-pliris-odigos#primaryimage\"},\"image\":{\"@id\":\"https:\\\/\\\/www.fixit.gr\\\/psifiakos-metaschimatismos-mikromesaion-epicheiriseon-pliris-odigos#primaryimage\"},\"thumbnailUrl\":\"https:\\\/\\\/www.fixit.gr\\\/wp-content\\\/uploads\\\/ec68d9f0-1968-c816-a436-a846c5af707a1.jpg\",\"datePublished\":\"2023-03-02T08:09:43+00:00\",\"dateModified\":\"2023-03-02T08:09:53+00:00\",\"description\":\"\u0397 \u03ad\u03bd\u03b1\u03c1\u03be\u03b7 \u03c4\u03bf\u03c5 \u03bd\u03ad\u03bf\u03c5 \u0395\u03a3\u03a0\u0391 2021-2027 \u03c3\u03b7\u03bc\u03b1\u03c4\u03bf\u03b4\u03bf\u03c4\u03b5\u03af\u03c4\u03b1\u03b9 \u03b1\u03c0\u03cc \u03c4\u03b7\u03bd \u03b5\u03ba\u03c4\u03ad\u03bb\u03b5\u03c3\u03b7 \u03c4\u03c1\u03b9\u03ce\u03bd \u03c0\u03c1\u03bf\u03b3\u03c1\u03b1\u03bc\u03bc\u03ac\u03c4\u03c9\u03bd \u03c0\u03bf\u03c5 \u03b1\u03c6\u03bf\u03c1\u03bf\u03cd\u03bd \u03c4\u03bf\u03bd \u03c8\u03b7\u03c6\u03b9\u03b1\u03ba\u03cc \u03bc\u03b5\u03c4\u03b1\u03c3\u03c7\u03b7\u03bc\u03b1\u03c4\u03b9\u03c3\u03bc\u03cc \u03bc\u03b9\u03ba\u03c1\u03bf\u03bc\u03b5\u03c3\u03b1\u03af\u03c9\u03bd \u03b5\u03c0\u03b9\u03c7\u03b5\u03b9\u03c1\u03ae\u03c3\u03b5\u03c9\u03bd \u03ba\u03b1\u03b9 \u03b8\u03b1 \u03bf\u03bb\u03bf\u03ba\u03bb\u03b7\u03c1\u03c9\u03b8\u03bf\u03cd\u03bd \u03c4\u03bf \u03b5\u03c0\u03cc\u03bc\u03b5\u03bd\u03bf \u03b4\u03b9\u03ac\u03c3\u03c4\u03b7\u03bc\u03b1.\",\"breadcrumb\":{\"@id\":\"https:\\\/\\\/www.fixit.gr\\\/psifiakos-metaschimatismos-mikromesaion-epicheiriseon-pliris-odigos#breadcrumb\"},\"inLanguage\":\"de\",\"potentialAction\":[{\"@type\":\"ReadAction\",\"target\":[\"https:\\\/\\\/www.fixit.gr\\\/psifiakos-metaschimatismos-mikromesaion-epicheiriseon-pliris-odigos\"]}]},{\"@type\":\"ImageObject\",\"inLanguage\":\"de\",\"@id\":\"https:\\\/\\\/www.fixit.gr\\\/psifiakos-metaschimatismos-mikromesaion-epicheiriseon-pliris-odigos#primaryimage\",\"url\":\"https:\\\/\\\/www.fixit.gr\\\/wp-content\\\/uploads\\\/ec68d9f0-1968-c816-a436-a846c5af707a1.jpg\",\"contentUrl\":\"https:\\\/\\\/www.fixit.gr\\\/wp-content\\\/uploads\\\/ec68d9f0-1968-c816-a436-a846c5af707a1.jpg\",\"width\":798,\"height\":513},{\"@type\":\"BreadcrumbList\",\"@id\":\"https:\\\/\\\/www.fixit.gr\\\/psifiakos-metaschimatismos-mikromesaion-epicheiriseon-pliris-odigos#breadcrumb\",\"itemListElement\":[{\"@type\":\"ListItem\",\"position\":1,\"name\":\"\u0391\u03c1\u03c7\u03b9\u03ba\u03ae\",\"item\":\"https:\\\/\\\/www.fixit.gr\\\/\"},{\"@type\":\"ListItem\",\"position\":2,\"name\":\"\u03a8\u03b7\u03c6\u03b9\u03b1\u03ba\u03cc\u03c2 \u039c\u03b5\u03c4\u03b1\u03c3\u03c7\u03b7\u03bc\u03b1\u03c4\u03b9\u03c3\u03bc\u03cc\u03c2 \u039c\u03b9\u03ba\u03c1\u03bf\u03bc\u03b5\u03c3\u03b1\u03af\u03c9\u03bd \u0395\u03c0\u03b9\u03c7\u03b5\u03b9\u03c1\u03ae\u03c3\u03b5\u03c9\u03bd: \u03a0\u03bb\u03ae\u03c1\u03b7\u03c2 \u03bf\u03b4\u03b7\u03b3\u03cc\u03c2.\"}]},{\"@type\":\"WebSite\",\"@id\":\"https:\\\/\\\/www.fixit.gr\\\/de\\\/#website\",\"url\":\"https:\\\/\\\/www.fixit.gr\\\/de\\\/\",\"name\":\"Fixit\",\"description\":\"eCommerce agency \u03c3\u03c4\u03b7 \u0398\u03b5\u03c3\u03c3\u03b1\u03bb\u03bf\u03bd\u03af\u03ba\u03b7 \u2014 \u03ba\u03b1\u03c4\u03b1\u03c3\u03ba\u03b5\u03c5\u03ae eShop \u03c3\u03b5 Magento 2, WooCommerce \u03ba\u03b1\u03b9 Shopify\",\"publisher\":{\"@id\":\"https:\\\/\\\/www.fixit.gr\\\/de\\\/#organization\"},\"potentialAction\":[{\"@type\":\"SearchAction\",\"target\":{\"@type\":\"EntryPoint\",\"urlTemplate\":\"https:\\\/\\\/www.fixit.gr\\\/de\\\/?s={search_term_string}\"},\"query-input\":{\"@type\":\"PropertyValueSpecification\",\"valueRequired\":true,\"valueName\":\"search_term_string\"}}],\"inLanguage\":\"de\"},{\"@type\":\"Organization\",\"@id\":\"https:\\\/\\\/www.fixit.gr\\\/de\\\/#organization\",\"name\":\"Fixit\",\"alternateName\":\"Fixit e-Commerce Agency\",\"url\":\"https:\\\/\\\/www.fixit.gr\\\/de\\\/\",\"logo\":{\"@type\":\"ImageObject\",\"inLanguage\":\"de\",\"@id\":\"https:\\\/\\\/www.fixit.gr\\\/de\\\/#\\\/schema\\\/logo\\\/image\\\/\",\"url\":\"https:\\\/\\\/www.fixit.gr\\\/wp-content\\\/uploads\\\/2022\\\/07\\\/fixit_logo_site-min.png\",\"contentUrl\":\"https:\\\/\\\/www.fixit.gr\\\/wp-content\\\/uploads\\\/2022\\\/07\\\/fixit_logo_site-min.png\",\"width\":801,\"height\":179,\"caption\":\"Fixit\"},\"image\":{\"@id\":\"https:\\\/\\\/www.fixit.gr\\\/de\\\/#\\\/schema\\\/logo\\\/image\\\/\"},\"sameAs\":[\"https:\\\/\\\/www.facebook.com\\\/Fixit.el\\\/\",\"https:\\\/\\\/www.instagram.com\\\/fixit_gr\\\/\",\"https:\\\/\\\/www.linkedin.com\\\/company\\\/fixitgr\"]},{\"@type\":\"Person\",\"@id\":\"https:\\\/\\\/www.fixit.gr\\\/de\\\/#\\\/schema\\\/person\\\/b86bf7ba1762bbca10dbb56b978dc996\",\"name\":\"\u0393\u03b9\u03ce\u03c1\u03b3\u03bf\u03c2 \u039c\u03b7\u03c4\u03c3\u03bf\u03cd\u03b4\u03b7\u03c2\",\"image\":{\"@type\":\"ImageObject\",\"inLanguage\":\"de\",\"@id\":\"https:\\\/\\\/www.fixit.gr\\\/wp-content\\\/litespeed\\\/avatar\\\/d8dc69bae9963447b1bb0f4c76a43cf3.jpg?ver=1788292463\",\"url\":\"https:\\\/\\\/www.fixit.gr\\\/wp-content\\\/litespeed\\\/avatar\\\/d8dc69bae9963447b1bb0f4c76a43cf3.jpg?ver=1788292463\",\"contentUrl\":\"https:\\\/\\\/www.fixit.gr\\\/wp-content\\\/litespeed\\\/avatar\\\/d8dc69bae9963447b1bb0f4c76a43cf3.jpg?ver=1788292463\",\"caption\":\"\u0393\u03b9\u03ce\u03c1\u03b3\u03bf\u03c2 \u039c\u03b7\u03c4\u03c3\u03bf\u03cd\u03b4\u03b7\u03c2\"},\"url\":\"https:\\\/\\\/www.fixit.gr\\\/de\\\/author\\\/arrowgr\"}]}<\/script>\n<!-- \/ Yoast SEO plugin. -->","yoast_head_json":{"title":"Digitale Transformation von Kleinunternehmen: Vollst\u00e4ndiger Leitfaden. - Fixit","description":"Den Auftakt des neuen Nationalen Forschungsrahmenprogramms 2021-2027 bildet die Durchf\u00fchrung von drei Programmen zur digitalen Transformation kleiner und mittlerer Unternehmen, die in der kommenden Zeit abgeschlossen werden.","robots":{"index":"index","follow":"follow","max-snippet":"max-snippet:-1","max-image-preview":"max-image-preview:large","max-video-preview":"max-video-preview:-1"},"canonical":"https:\/\/www.fixit.gr\/de\/psifiakos-metaschimatismos-mikromesaion-epicheiriseon-pliris-odigos\/","og_locale":"de_DE","og_type":"article","og_title":"\u03a8\u03b7\u03c6\u03b9\u03b1\u03ba\u03cc\u03c2 \u039c\u03b5\u03c4\u03b1\u03c3\u03c7\u03b7\u03bc\u03b1\u03c4\u03b9\u03c3\u03bc\u03cc\u03c2 \u039c\u03b9\u03ba\u03c1\u03bf\u03bc\u03b5\u03c3\u03b1\u03af\u03c9\u03bd \u0395\u03c0\u03b9\u03c7\u03b5\u03b9\u03c1\u03ae\u03c3\u03b5\u03c9\u03bd: \u03a0\u03bb\u03ae\u03c1\u03b7\u03c2 \u03bf\u03b4\u03b7\u03b3\u03cc\u03c2. - Fixit","og_description":"\u0397 \u03ad\u03bd\u03b1\u03c1\u03be\u03b7 \u03c4\u03bf\u03c5 \u03bd\u03ad\u03bf\u03c5 \u0395\u03a3\u03a0\u0391 2021-2027 \u03c3\u03b7\u03bc\u03b1\u03c4\u03bf\u03b4\u03bf\u03c4\u03b5\u03af\u03c4\u03b1\u03b9 \u03b1\u03c0\u03cc \u03c4\u03b7\u03bd \u03b5\u03ba\u03c4\u03ad\u03bb\u03b5\u03c3\u03b7 \u03c4\u03c1\u03b9\u03ce\u03bd \u03c0\u03c1\u03bf\u03b3\u03c1\u03b1\u03bc\u03bc\u03ac\u03c4\u03c9\u03bd \u03c0\u03bf\u03c5 \u03b1\u03c6\u03bf\u03c1\u03bf\u03cd\u03bd \u03c4\u03bf\u03bd \u03c8\u03b7\u03c6\u03b9\u03b1\u03ba\u03cc \u03bc\u03b5\u03c4\u03b1\u03c3\u03c7\u03b7\u03bc\u03b1\u03c4\u03b9\u03c3\u03bc\u03cc \u03bc\u03b9\u03ba\u03c1\u03bf\u03bc\u03b5\u03c3\u03b1\u03af\u03c9\u03bd \u03b5\u03c0\u03b9\u03c7\u03b5\u03b9\u03c1\u03ae\u03c3\u03b5\u03c9\u03bd \u03ba\u03b1\u03b9 \u03b8\u03b1 \u03bf\u03bb\u03bf\u03ba\u03bb\u03b7\u03c1\u03c9\u03b8\u03bf\u03cd\u03bd \u03c4\u03bf \u03b5\u03c0\u03cc\u03bc\u03b5\u03bd\u03bf \u03b4\u03b9\u03ac\u03c3\u03c4\u03b7\u03bc\u03b1.","og_url":"https:\/\/www.fixit.gr\/de\/psifiakos-metaschimatismos-mikromesaion-epicheiriseon-pliris-odigos\/","og_site_name":"Fixit","article_publisher":"https:\/\/www.facebook.com\/Fixit.el\/","article_published_time":"2023-03-02T08:09:43+00:00","article_modified_time":"2023-03-02T08:09:53+00:00","og_image":[{"width":798,"height":513,"url":"https:\/\/www.fixit.gr\/wp-content\/uploads\/ec68d9f0-1968-c816-a436-a846c5af707a1.jpg","type":"image\/jpeg"}],"author":"\u0393\u03b9\u03ce\u03c1\u03b3\u03bf\u03c2 \u039c\u03b7\u03c4\u03c3\u03bf\u03cd\u03b4\u03b7\u03c2","twitter_card":"summary_large_image","twitter_misc":{"Verfasst von":"\u0393\u03b9\u03ce\u03c1\u03b3\u03bf\u03c2 \u039c\u03b7\u03c4\u03c3\u03bf\u03cd\u03b4\u03b7\u03c2","Gesch\u00e4tzte Lesezeit":"9\u00a0Minuten"},"schema":{"@context":"https:\/\/schema.org","@graph":[{"@type":"Article","@id":"https:\/\/www.fixit.gr\/psifiakos-metaschimatismos-mikromesaion-epicheiriseon-pliris-odigos#article","isPartOf":{"@id":"https:\/\/www.fixit.gr\/psifiakos-metaschimatismos-mikromesaion-epicheiriseon-pliris-odigos"},"author":{"name":"\u0393\u03b9\u03ce\u03c1\u03b3\u03bf\u03c2 \u039c\u03b7\u03c4\u03c3\u03bf\u03cd\u03b4\u03b7\u03c2","@id":"https:\/\/www.fixit.gr\/de\/#\/schema\/person\/b86bf7ba1762bbca10dbb56b978dc996"},"headline":"\u03a8\u03b7\u03c6\u03b9\u03b1\u03ba\u03cc\u03c2 \u039c\u03b5\u03c4\u03b1\u03c3\u03c7\u03b7\u03bc\u03b1\u03c4\u03b9\u03c3\u03bc\u03cc\u03c2 \u039c\u03b9\u03ba\u03c1\u03bf\u03bc\u03b5\u03c3\u03b1\u03af\u03c9\u03bd \u0395\u03c0\u03b9\u03c7\u03b5\u03b9\u03c1\u03ae\u03c3\u03b5\u03c9\u03bd: \u03a0\u03bb\u03ae\u03c1\u03b7\u03c2 \u03bf\u03b4\u03b7\u03b3\u03cc\u03c2.","datePublished":"2023-03-02T08:09:43+00:00","dateModified":"2023-03-02T08:09:53+00:00","mainEntityOfPage":{"@id":"https:\/\/www.fixit.gr\/psifiakos-metaschimatismos-mikromesaion-epicheiriseon-pliris-odigos"},"wordCount":29,"publisher":{"@id":"https:\/\/www.fixit.gr\/de\/#organization"},"image":{"@id":"https:\/\/www.fixit.gr\/psifiakos-metaschimatismos-mikromesaion-epicheiriseon-pliris-odigos#primaryimage"},"thumbnailUrl":"https:\/\/www.fixit.gr\/wp-content\/uploads\/ec68d9f0-1968-c816-a436-a846c5af707a1.jpg","keywords":["ecommerce","magento"],"articleSection":["Blog","Magento"],"inLanguage":"de"},{"@type":"WebPage","@id":"https:\/\/www.fixit.gr\/psifiakos-metaschimatismos-mikromesaion-epicheiriseon-pliris-odigos","url":"https:\/\/www.fixit.gr\/psifiakos-metaschimatismos-mikromesaion-epicheiriseon-pliris-odigos","name":"Digitale Transformation von Kleinunternehmen: Vollst\u00e4ndiger Leitfaden. - Fixit","isPartOf":{"@id":"https:\/\/www.fixit.gr\/de\/#website"},"primaryImageOfPage":{"@id":"https:\/\/www.fixit.gr\/psifiakos-metaschimatismos-mikromesaion-epicheiriseon-pliris-odigos#primaryimage"},"image":{"@id":"https:\/\/www.fixit.gr\/psifiakos-metaschimatismos-mikromesaion-epicheiriseon-pliris-odigos#primaryimage"},"thumbnailUrl":"https:\/\/www.fixit.gr\/wp-content\/uploads\/ec68d9f0-1968-c816-a436-a846c5af707a1.jpg","datePublished":"2023-03-02T08:09:43+00:00","dateModified":"2023-03-02T08:09:53+00:00","description":"Den Auftakt des neuen Nationalen Forschungsrahmenprogramms 2021-2027 bildet die Durchf\u00fchrung von drei Programmen zur digitalen Transformation kleiner und mittlerer Unternehmen, die in der kommenden Zeit abgeschlossen werden.","breadcrumb":{"@id":"https:\/\/www.fixit.gr\/psifiakos-metaschimatismos-mikromesaion-epicheiriseon-pliris-odigos#breadcrumb"},"inLanguage":"de","potentialAction":[{"@type":"ReadAction","target":["https:\/\/www.fixit.gr\/psifiakos-metaschimatismos-mikromesaion-epicheiriseon-pliris-odigos"]}]},{"@type":"ImageObject","inLanguage":"de","@id":"https:\/\/www.fixit.gr\/psifiakos-metaschimatismos-mikromesaion-epicheiriseon-pliris-odigos#primaryimage","url":"https:\/\/www.fixit.gr\/wp-content\/uploads\/ec68d9f0-1968-c816-a436-a846c5af707a1.jpg","contentUrl":"https:\/\/www.fixit.gr\/wp-content\/uploads\/ec68d9f0-1968-c816-a436-a846c5af707a1.jpg","width":798,"height":513},{"@type":"BreadcrumbList","@id":"https:\/\/www.fixit.gr\/psifiakos-metaschimatismos-mikromesaion-epicheiriseon-pliris-odigos#breadcrumb","itemListElement":[{"@type":"ListItem","position":1,"name":"\u0391\u03c1\u03c7\u03b9\u03ba\u03ae","item":"https:\/\/www.fixit.gr\/"},{"@type":"ListItem","position":2,"name":"\u03a8\u03b7\u03c6\u03b9\u03b1\u03ba\u03cc\u03c2 \u039c\u03b5\u03c4\u03b1\u03c3\u03c7\u03b7\u03bc\u03b1\u03c4\u03b9\u03c3\u03bc\u03cc\u03c2 \u039c\u03b9\u03ba\u03c1\u03bf\u03bc\u03b5\u03c3\u03b1\u03af\u03c9\u03bd \u0395\u03c0\u03b9\u03c7\u03b5\u03b9\u03c1\u03ae\u03c3\u03b5\u03c9\u03bd: \u03a0\u03bb\u03ae\u03c1\u03b7\u03c2 \u03bf\u03b4\u03b7\u03b3\u03cc\u03c2."}]},{"@type":"WebSite","@id":"https:\/\/www.fixit.gr\/de\/#website","url":"https:\/\/www.fixit.gr\/de\/","name":"Fixit","description":"E-Commerce-Agentur in Thessaloniki \u2013 Entwicklung von Onlineshops mit Magento 2, WooCommerce und Shopify","publisher":{"@id":"https:\/\/www.fixit.gr\/de\/#organization"},"potentialAction":[{"@type":"SearchAction","target":{"@type":"EntryPoint","urlTemplate":"https:\/\/www.fixit.gr\/de\/?s={search_term_string}"},"query-input":{"@type":"PropertyValueSpecification","valueRequired":true,"valueName":"search_term_string"}}],"inLanguage":"de"},{"@type":"Organization","@id":"https:\/\/www.fixit.gr\/de\/#organization","name":"Fixit","alternateName":"Fixit e-Commerce Agency","url":"https:\/\/www.fixit.gr\/de\/","logo":{"@type":"ImageObject","inLanguage":"de","@id":"https:\/\/www.fixit.gr\/de\/#\/schema\/logo\/image\/","url":"https:\/\/www.fixit.gr\/wp-content\/uploads\/2022\/07\/fixit_logo_site-min.png","contentUrl":"https:\/\/www.fixit.gr\/wp-content\/uploads\/2022\/07\/fixit_logo_site-min.png","width":801,"height":179,"caption":"Fixit"},"image":{"@id":"https:\/\/www.fixit.gr\/de\/#\/schema\/logo\/image\/"},"sameAs":["https:\/\/www.facebook.com\/Fixit.el\/","https:\/\/www.instagram.com\/fixit_gr\/","https:\/\/www.linkedin.com\/company\/fixitgr"]},{"@type":"Person","@id":"https:\/\/www.fixit.gr\/de\/#\/schema\/person\/b86bf7ba1762bbca10dbb56b978dc996","name":"Giorgos Mitsoudis","image":{"@type":"ImageObject","inLanguage":"de","@id":"https:\/\/www.fixit.gr\/wp-content\/litespeed\/avatar\/d8dc69bae9963447b1bb0f4c76a43cf3.jpg?ver=1788292463","url":"https:\/\/www.fixit.gr\/wp-content\/litespeed\/avatar\/d8dc69bae9963447b1bb0f4c76a43cf3.jpg?ver=1788292463","contentUrl":"https:\/\/www.fixit.gr\/wp-content\/litespeed\/avatar\/d8dc69bae9963447b1bb0f4c76a43cf3.jpg?ver=1788292463","caption":"\u0393\u03b9\u03ce\u03c1\u03b3\u03bf\u03c2 \u039c\u03b7\u03c4\u03c3\u03bf\u03cd\u03b4\u03b7\u03c2"},"url":"https:\/\/www.fixit.gr\/de\/author\/arrowgr"}]}},"amp_enabled":true,"_links":{"self":[{"href":"https:\/\/www.fixit.gr\/de\/wp-json\/wp\/v2\/posts\/6202","targetHints":{"allow":["GET"]}}],"collection":[{"href":"https:\/\/www.fixit.gr\/de\/wp-json\/wp\/v2\/posts"}],"about":[{"href":"https:\/\/www.fixit.gr\/de\/wp-json\/wp\/v2\/types\/post"}],"author":[{"embeddable":true,"href":"https:\/\/www.fixit.gr\/de\/wp-json\/wp\/v2\/users\/1"}],"replies":[{"embeddable":true,"href":"https:\/\/www.fixit.gr\/de\/wp-json\/wp\/v2\/comments?post=6202"}],"version-history":[{"count":0,"href":"https:\/\/www.fixit.gr\/de\/wp-json\/wp\/v2\/posts\/6202\/revisions"}],"wp:featuredmedia":[{"embeddable":true,"href":"https:\/\/www.fixit.gr\/de\/wp-json\/wp\/v2\/media\/6203"}],"wp:attachment":[{"href":"https:\/\/www.fixit.gr\/de\/wp-json\/wp\/v2\/media?parent=6202"}],"wp:term":[{"taxonomy":"category","embeddable":true,"href":"https:\/\/www.fixit.gr\/de\/wp-json\/wp\/v2\/categories?post=6202"},{"taxonomy":"post_tag","embeddable":true,"href":"https:\/\/www.fixit.gr\/de\/wp-json\/wp\/v2\/tags?post=6202"}],"curies":[{"name":"wp","href":"https:\/\/api.w.org\/{rel}","templated":true}]}}